{"id":26,"date":"2025-07-01T09:16:50","date_gmt":"2025-07-01T09:16:50","guid":{"rendered":"https:\/\/notici.es\/?p=26"},"modified":"2025-07-01T09:18:02","modified_gmt":"2025-07-01T09:18:02","slug":"detenidocayetanorivera","status":"publish","type":"post","link":"https:\/\/notici.es\/?p=26","title":{"rendered":"Detenido Cayetano Rivera tras un altercado en Madrid: su versi\u00f3n y la de la Polic\u00eda"},"content":{"rendered":"\n<p>La madrugada del 30 de junio de 2025 el torero Cayetano Rivera fue arrestado en una hamburgueser\u00eda de la calle Atocha (Madrid) por presunta agresi\u00f3n y desobediencia a la Polic\u00eda; qued\u00f3 en libertad con cargos horas despu\u00e9s.<\/p>\n\n\n\n<hr class=\"wp-block-separator has-alpha-channel-opacity\"\/>\n\n\n\n<h2 class=\"wp-block-heading\">Resumen del suceso<\/h2>\n\n\n\n<blockquote class=\"wp-block-quote is-layout-flow wp-block-quote-is-layout-flow\">\n<p>\u00abEl torero fue detenido en la madrugada del lunes en una hamburgueser\u00eda y pas\u00f3 la noche en comisar\u00eda, acusado de resistencia y desobediencia\u00bb<\/p>\n<\/blockquote>\n\n\n\n<p><a href=\"https:\/\/cadenaser.com\/nacional\/2025\/06\/30\/cayetano-rivera-detenido-de-madrugada-por-desobediencia-a-la-policia-cadena-ser\/\" target=\"_blank\" rel=\"noreferrer noopener\">Cadena SER, 30\/06\/2025<\/a><\/p>\n\n\n\n<hr class=\"wp-block-separator has-alpha-channel-opacity\"\/>\n\n\n\n<h2 class=\"wp-block-heading\">Principales puntos de vista<\/h2>\n\n\n\n<h3 class=\"wp-block-heading\">1.&nbsp;Versi\u00f3n de Cayetano Rivera<\/h3>\n\n\n\n<blockquote class=\"wp-block-quote is-layout-flow wp-block-quote-is-layout-flow\">\n<p>\u00abEn ning\u00fan momento he protagonizado ni participado en ning\u00fan acto de agresi\u00f3n hacia agentes de la autoridad\u00bb<\/p>\n<\/blockquote>\n\n\n\n<p><a href=\"https:\/\/elpais.com\/espana\/madrid\/2025-07-01\/cayetano-rivera-ordonez-en-ningun-momento-he-protagonizado-ningun-acto-de-agresion-hacia-agentes-de-la-autoridad.html\" target=\"_blank\" rel=\"noreferrer noopener\">El Pa\u00eds, 01\/07\/2025<\/a><\/p>\n\n\n\n<h3 class=\"wp-block-heading\">2.&nbsp;Versi\u00f3n policial y de testigos<\/h3>\n\n\n\n<blockquote class=\"wp-block-quote is-layout-flow wp-block-quote-is-layout-flow\">\n<p>\u00abCayetano ha permanecido en comisar\u00eda hasta las 7 de la ma\u00f1ana por un presunto delito de resistencia y desobediencia\u00bb<\/p>\n<\/blockquote>\n\n\n\n<p><a href=\"https:\/\/www.antena3.com\/programas\/y-ahora-sonsoles\/cayetano-rivera-detenido-presuntamente-agredir-policias-hamburguesaria_202506306862b3363be60c2da857e666.html\" target=\"_blank\" rel=\"noreferrer noopener\">Antena 3, 30\/06\/2025<\/a><\/p>\n\n\n\n<h3 class=\"wp-block-heading\">3.&nbsp;Debate medi\u00e1tico sobre su historial<\/h3>\n\n\n\n<blockquote class=\"wp-block-quote is-layout-flow wp-block-quote-is-layout-flow\">\n<p>\u00abCayetano Rivera se ha visto envuelto en varias pol\u00e9micas en los \u00faltimos a\u00f1os\u00bb<\/p>\n<\/blockquote>\n\n\n\n<p><a href=\"https:\/\/elcierredigital.com\/sucesos\/cayetano-rivera-vuelve-liar-torero-rodeado-polemicas-tras-detencion\" target=\"_blank\" rel=\"noreferrer noopener\">El Cierre Digital, 01\/07\/2025<\/a><\/p>\n","protected":false},"excerpt":{"rendered":"<p>La madrugada del 30 de junio de 2025 el torero Cayetano Rivera fue arrestado en una hamburgueser\u00eda de la calle Atocha (Madrid) por presunta agresi\u00f3n y desobediencia a la Polic\u00eda; qued\u00f3 en libertad con cargos horas despu\u00e9s. Resumen del suceso \u00abEl torero fue detenido en la madrugada del lunes en una hamburgueser\u00eda y pas\u00f3 la [&hellip;]<\/p>\n","protected":false},"author":1,"featured_media":29,"comment_status":"open","ping_status":"open","sticky":false,"template":"","format":"standard","meta":{"footnotes":""},"categories":[15],"tags":[20,18,19,22,24,16,17,23,21],"class_list":["post-26","post","type-post","status-publish","format-standard","has-post-thumbnail","hentry","category-politica","tag-calle-atocha","tag-cayetano-rivera","tag-detencion","tag-madrid-2025","tag-polemicas-publicas","tag-policia-nacional","tag-resistencia-y-desobediencia","tag-tauromaquia","tag-trueba-fast-food"],"yoast_head":"<!-- This site is optimized with the Yoast SEO plugin v27.5 - https:\/\/yoast.com\/product\/yoast-seo-wordpress\/ -->\n<title>Detenido Cayetano Rivera tras un altercado en Madrid: su versi\u00f3n y la de la Polic\u00eda - NoticiEs de Espa\u00f1a<\/title>\n<meta name=\"description\" content=\"La detenci\u00f3n de Cayetano Rivera por un altercado con la Polic\u00eda reaviva pol\u00e9micas: el torero niega agresiones, mientras testigos y atestado apuntan a resistencia y desobediencia.\" \/>\n<meta name=\"robots\" content=\"index, follow, max-snippet:-1, max-image-preview:large, max-video-preview:-1\" \/>\n<link rel=\"canonical\" href=\"https:\/\/notici.es\/?p=26\" \/>\n<meta property=\"og:locale\" content=\"es_ES\" \/>\n<meta property=\"og:type\" content=\"article\" \/>\n<meta property=\"og:title\" content=\"Detenido Cayetano Rivera tras un altercado en Madrid: su versi\u00f3n y la de la Polic\u00eda - NoticiEs de Espa\u00f1a\" \/>\n<meta property=\"og:description\" content=\"La detenci\u00f3n de Cayetano Rivera por un altercado con la Polic\u00eda reaviva pol\u00e9micas: el torero niega agresiones, mientras testigos y atestado apuntan a resistencia y desobediencia.\" \/>\n<meta property=\"og:url\" content=\"https:\/\/notici.es\/?p=26\" \/>\n<meta property=\"og:site_name\" content=\"NoticiEs de Espa\u00f1a\" \/>\n<meta property=\"article:published_time\" content=\"2025-07-01T09:16:50+00:00\" \/>\n<meta property=\"article:modified_time\" content=\"2025-07-01T09:18:02+00:00\" \/>\n<meta property=\"og:image\" content=\"https:\/\/notici.es\/wp-content\/uploads\/2025\/07\/Cayetano-Rivera.png\" \/>\n\t<meta property=\"og:image:width\" content=\"1456\" \/>\n\t<meta property=\"og:image:height\" content=\"816\" \/>\n\t<meta property=\"og:image:type\" content=\"image\/png\" \/>\n<meta name=\"author\" content=\"admin\" \/>\n<meta name=\"twitter:card\" content=\"summary_large_image\" \/>\n<meta name=\"twitter:creator\" content=\"@EsNotici\" \/>\n<meta name=\"twitter:site\" content=\"@EsNotici\" \/>\n<meta name=\"twitter:label1\" content=\"Escrito por\" \/>\n\t<meta name=\"twitter:data1\" content=\"admin\" \/>\n\t<meta name=\"twitter:label2\" content=\"Tiempo de lectura\" \/>\n\t<meta name=\"twitter:data2\" content=\"1 minuto\" \/>\n<script type=\"application\/ld+json\" class=\"yoast-schema-graph\">{\"@context\":\"https:\\\/\\\/schema.org\",\"@graph\":[{\"@type\":\"Article\",\"@id\":\"https:\\\/\\\/notici.es\\\/?p=26#article\",\"isPartOf\":{\"@id\":\"https:\\\/\\\/notici.es\\\/?p=26\"},\"author\":{\"name\":\"admin\",\"@id\":\"https:\\\/\\\/notici.es\\\/#\\\/schema\\\/person\\\/2a3ee6c671bbce4ba2fe5db2a2aa2361\"},\"headline\":\"Detenido Cayetano Rivera tras un altercado en Madrid: su versi\u00f3n y la de la Polic\u00eda\",\"datePublished\":\"2025-07-01T09:16:50+00:00\",\"dateModified\":\"2025-07-01T09:18:02+00:00\",\"mainEntityOfPage\":{\"@id\":\"https:\\\/\\\/notici.es\\\/?p=26\"},\"wordCount\":172,\"commentCount\":0,\"publisher\":{\"@id\":\"https:\\\/\\\/notici.es\\\/#organization\"},\"image\":{\"@id\":\"https:\\\/\\\/notici.es\\\/?p=26#primaryimage\"},\"thumbnailUrl\":\"https:\\\/\\\/notici.es\\\/wp-content\\\/uploads\\\/2025\\\/07\\\/Cayetano-Rivera.png\",\"keywords\":[\"Calle Atocha\",\"Cayetano Rivera\",\"Detenci\u00f3n\",\"Madrid 2025\",\"Pol\u00e9micas p\u00fablicas\",\"Polic\u00eda Nacional\",\"Resistencia y desobediencia\",\"Tauromaquia\",\"Trueba fast-food\"],\"articleSection\":[\"Pol\u00edtica\"],\"inLanguage\":\"es\",\"potentialAction\":[{\"@type\":\"CommentAction\",\"name\":\"Comment\",\"target\":[\"https:\\\/\\\/notici.es\\\/?p=26#respond\"]}]},{\"@type\":\"WebPage\",\"@id\":\"https:\\\/\\\/notici.es\\\/?p=26\",\"url\":\"https:\\\/\\\/notici.es\\\/?p=26\",\"name\":\"Detenido Cayetano Rivera tras un altercado en Madrid: su versi\u00f3n y la de la Polic\u00eda - NoticiEs de Espa\u00f1a\",\"isPartOf\":{\"@id\":\"https:\\\/\\\/notici.es\\\/#website\"},\"primaryImageOfPage\":{\"@id\":\"https:\\\/\\\/notici.es\\\/?p=26#primaryimage\"},\"image\":{\"@id\":\"https:\\\/\\\/notici.es\\\/?p=26#primaryimage\"},\"thumbnailUrl\":\"https:\\\/\\\/notici.es\\\/wp-content\\\/uploads\\\/2025\\\/07\\\/Cayetano-Rivera.png\",\"datePublished\":\"2025-07-01T09:16:50+00:00\",\"dateModified\":\"2025-07-01T09:18:02+00:00\",\"description\":\"La detenci\u00f3n de Cayetano Rivera por un altercado con la Polic\u00eda reaviva pol\u00e9micas: el torero niega agresiones, mientras testigos y atestado apuntan a resistencia y desobediencia.\",\"breadcrumb\":{\"@id\":\"https:\\\/\\\/notici.es\\\/?p=26#breadcrumb\"},\"inLanguage\":\"es\",\"potentialAction\":[{\"@type\":\"ReadAction\",\"target\":[\"https:\\\/\\\/notici.es\\\/?p=26\"]}]},{\"@type\":\"ImageObject\",\"inLanguage\":\"es\",\"@id\":\"https:\\\/\\\/notici.es\\\/?p=26#primaryimage\",\"url\":\"https:\\\/\\\/notici.es\\\/wp-content\\\/uploads\\\/2025\\\/07\\\/Cayetano-Rivera.png\",\"contentUrl\":\"https:\\\/\\\/notici.es\\\/wp-content\\\/uploads\\\/2025\\\/07\\\/Cayetano-Rivera.png\",\"width\":1456,\"height\":816,\"caption\":\"Cayetano Rivera\"},{\"@type\":\"BreadcrumbList\",\"@id\":\"https:\\\/\\\/notici.es\\\/?p=26#breadcrumb\",\"itemListElement\":[{\"@type\":\"ListItem\",\"position\":1,\"name\":\"Portada\",\"item\":\"https:\\\/\\\/notici.es\\\/\"},{\"@type\":\"ListItem\",\"position\":2,\"name\":\"Detenido Cayetano Rivera tras un altercado en Madrid: su versi\u00f3n y la de la Polic\u00eda\"}]},{\"@type\":\"WebSite\",\"@id\":\"https:\\\/\\\/notici.es\\\/#website\",\"url\":\"https:\\\/\\\/notici.es\\\/\",\"name\":\"Diferentes puntos de vista sobre noticias importantes\",\"description\":\"\",\"publisher\":{\"@id\":\"https:\\\/\\\/notici.es\\\/#organization\"},\"potentialAction\":[{\"@type\":\"SearchAction\",\"target\":{\"@type\":\"EntryPoint\",\"urlTemplate\":\"https:\\\/\\\/notici.es\\\/?s={search_term_string}\"},\"query-input\":{\"@type\":\"PropertyValueSpecification\",\"valueRequired\":true,\"valueName\":\"search_term_string\"}}],\"inLanguage\":\"es\"},{\"@type\":\"Organization\",\"@id\":\"https:\\\/\\\/notici.es\\\/#organization\",\"name\":\"NoticiEs de Espa\u00f1a\",\"url\":\"https:\\\/\\\/notici.es\\\/\",\"logo\":{\"@type\":\"ImageObject\",\"inLanguage\":\"es\",\"@id\":\"https:\\\/\\\/notici.es\\\/#\\\/schema\\\/logo\\\/image\\\/\",\"url\":\"https:\\\/\\\/notici.es\\\/wp-content\\\/uploads\\\/2025\\\/06\\\/logo-noticies.png\",\"contentUrl\":\"https:\\\/\\\/notici.es\\\/wp-content\\\/uploads\\\/2025\\\/06\\\/logo-noticies.png\",\"width\":1024,\"height\":1024,\"caption\":\"NoticiEs de Espa\u00f1a\"},\"image\":{\"@id\":\"https:\\\/\\\/notici.es\\\/#\\\/schema\\\/logo\\\/image\\\/\"},\"sameAs\":[\"https:\\\/\\\/x.com\\\/EsNotici\"]},{\"@type\":\"Person\",\"@id\":\"https:\\\/\\\/notici.es\\\/#\\\/schema\\\/person\\\/2a3ee6c671bbce4ba2fe5db2a2aa2361\",\"name\":\"admin\",\"image\":{\"@type\":\"ImageObject\",\"inLanguage\":\"es\",\"@id\":\"https:\\\/\\\/secure.gravatar.com\\\/avatar\\\/589f31bb8cd09f3d574ee97e8324281257ac375d0946bc2cf9f2fcdbeb72e094?s=96&d=mm&r=g\",\"url\":\"https:\\\/\\\/secure.gravatar.com\\\/avatar\\\/589f31bb8cd09f3d574ee97e8324281257ac375d0946bc2cf9f2fcdbeb72e094?s=96&d=mm&r=g\",\"contentUrl\":\"https:\\\/\\\/secure.gravatar.com\\\/avatar\\\/589f31bb8cd09f3d574ee97e8324281257ac375d0946bc2cf9f2fcdbeb72e094?s=96&d=mm&r=g\",\"caption\":\"admin\"},\"sameAs\":[\"https:\\\/\\\/notici.es\"],\"url\":\"https:\\\/\\\/notici.es\\\/?author=1\"}]}<\/script>\n<!-- \/ Yoast SEO plugin. -->","yoast_head_json":{"title":"Detenido Cayetano Rivera tras un altercado en Madrid: su versi\u00f3n y la de la Polic\u00eda - NoticiEs de Espa\u00f1a","description":"La detenci\u00f3n de Cayetano Rivera por un altercado con la Polic\u00eda reaviva pol\u00e9micas: el torero niega agresiones, mientras testigos y atestado apuntan a resistencia y desobediencia.","robots":{"index":"index","follow":"follow","max-snippet":"max-snippet:-1","max-image-preview":"max-image-preview:large","max-video-preview":"max-video-preview:-1"},"canonical":"https:\/\/notici.es\/?p=26","og_locale":"es_ES","og_type":"article","og_title":"Detenido Cayetano Rivera tras un altercado en Madrid: su versi\u00f3n y la de la Polic\u00eda - NoticiEs de Espa\u00f1a","og_description":"La detenci\u00f3n de Cayetano Rivera por un altercado con la Polic\u00eda reaviva pol\u00e9micas: el torero niega agresiones, mientras testigos y atestado apuntan a resistencia y desobediencia.","og_url":"https:\/\/notici.es\/?p=26","og_site_name":"NoticiEs de Espa\u00f1a","article_published_time":"2025-07-01T09:16:50+00:00","article_modified_time":"2025-07-01T09:18:02+00:00","og_image":[{"width":1456,"height":816,"url":"https:\/\/notici.es\/wp-content\/uploads\/2025\/07\/Cayetano-Rivera.png","type":"image\/png"}],"author":"admin","twitter_card":"summary_large_image","twitter_creator":"@EsNotici","twitter_site":"@EsNotici","twitter_misc":{"Escrito por":"admin","Tiempo de lectura":"1 minuto"},"schema":{"@context":"https:\/\/schema.org","@graph":[{"@type":"Article","@id":"https:\/\/notici.es\/?p=26#article","isPartOf":{"@id":"https:\/\/notici.es\/?p=26"},"author":{"name":"admin","@id":"https:\/\/notici.es\/#\/schema\/person\/2a3ee6c671bbce4ba2fe5db2a2aa2361"},"headline":"Detenido Cayetano Rivera tras un altercado en Madrid: su versi\u00f3n y la de la Polic\u00eda","datePublished":"2025-07-01T09:16:50+00:00","dateModified":"2025-07-01T09:18:02+00:00","mainEntityOfPage":{"@id":"https:\/\/notici.es\/?p=26"},"wordCount":172,"commentCount":0,"publisher":{"@id":"https:\/\/notici.es\/#organization"},"image":{"@id":"https:\/\/notici.es\/?p=26#primaryimage"},"thumbnailUrl":"https:\/\/notici.es\/wp-content\/uploads\/2025\/07\/Cayetano-Rivera.png","keywords":["Calle Atocha","Cayetano Rivera","Detenci\u00f3n","Madrid 2025","Pol\u00e9micas p\u00fablicas","Polic\u00eda Nacional","Resistencia y desobediencia","Tauromaquia","Trueba fast-food"],"articleSection":["Pol\u00edtica"],"inLanguage":"es","potentialAction":[{"@type":"CommentAction","name":"Comment","target":["https:\/\/notici.es\/?p=26#respond"]}]},{"@type":"WebPage","@id":"https:\/\/notici.es\/?p=26","url":"https:\/\/notici.es\/?p=26","name":"Detenido Cayetano Rivera tras un altercado en Madrid: su versi\u00f3n y la de la Polic\u00eda - NoticiEs de Espa\u00f1a","isPartOf":{"@id":"https:\/\/notici.es\/#website"},"primaryImageOfPage":{"@id":"https:\/\/notici.es\/?p=26#primaryimage"},"image":{"@id":"https:\/\/notici.es\/?p=26#primaryimage"},"thumbnailUrl":"https:\/\/notici.es\/wp-content\/uploads\/2025\/07\/Cayetano-Rivera.png","datePublished":"2025-07-01T09:16:50+00:00","dateModified":"2025-07-01T09:18:02+00:00","description":"La detenci\u00f3n de Cayetano Rivera por un altercado con la Polic\u00eda reaviva pol\u00e9micas: el torero niega agresiones, mientras testigos y atestado apuntan a resistencia y desobediencia.","breadcrumb":{"@id":"https:\/\/notici.es\/?p=26#breadcrumb"},"inLanguage":"es","potentialAction":[{"@type":"ReadAction","target":["https:\/\/notici.es\/?p=26"]}]},{"@type":"ImageObject","inLanguage":"es","@id":"https:\/\/notici.es\/?p=26#primaryimage","url":"https:\/\/notici.es\/wp-content\/uploads\/2025\/07\/Cayetano-Rivera.png","contentUrl":"https:\/\/notici.es\/wp-content\/uploads\/2025\/07\/Cayetano-Rivera.png","width":1456,"height":816,"caption":"Cayetano Rivera"},{"@type":"BreadcrumbList","@id":"https:\/\/notici.es\/?p=26#breadcrumb","itemListElement":[{"@type":"ListItem","position":1,"name":"Portada","item":"https:\/\/notici.es\/"},{"@type":"ListItem","position":2,"name":"Detenido Cayetano Rivera tras un altercado en Madrid: su versi\u00f3n y la de la Polic\u00eda"}]},{"@type":"WebSite","@id":"https:\/\/notici.es\/#website","url":"https:\/\/notici.es\/","name":"Diferentes puntos de vista sobre noticias importantes","description":"","publisher":{"@id":"https:\/\/notici.es\/#organization"},"potentialAction":[{"@type":"SearchAction","target":{"@type":"EntryPoint","urlTemplate":"https:\/\/notici.es\/?s={search_term_string}"},"query-input":{"@type":"PropertyValueSpecification","valueRequired":true,"valueName":"search_term_string"}}],"inLanguage":"es"},{"@type":"Organization","@id":"https:\/\/notici.es\/#organization","name":"NoticiEs de Espa\u00f1a","url":"https:\/\/notici.es\/","logo":{"@type":"ImageObject","inLanguage":"es","@id":"https:\/\/notici.es\/#\/schema\/logo\/image\/","url":"https:\/\/notici.es\/wp-content\/uploads\/2025\/06\/logo-noticies.png","contentUrl":"https:\/\/notici.es\/wp-content\/uploads\/2025\/06\/logo-noticies.png","width":1024,"height":1024,"caption":"NoticiEs de Espa\u00f1a"},"image":{"@id":"https:\/\/notici.es\/#\/schema\/logo\/image\/"},"sameAs":["https:\/\/x.com\/EsNotici"]},{"@type":"Person","@id":"https:\/\/notici.es\/#\/schema\/person\/2a3ee6c671bbce4ba2fe5db2a2aa2361","name":"admin","image":{"@type":"ImageObject","inLanguage":"es","@id":"https:\/\/secure.gravatar.com\/avatar\/589f31bb8cd09f3d574ee97e8324281257ac375d0946bc2cf9f2fcdbeb72e094?s=96&d=mm&r=g","url":"https:\/\/secure.gravatar.com\/avatar\/589f31bb8cd09f3d574ee97e8324281257ac375d0946bc2cf9f2fcdbeb72e094?s=96&d=mm&r=g","contentUrl":"https:\/\/secure.gravatar.com\/avatar\/589f31bb8cd09f3d574ee97e8324281257ac375d0946bc2cf9f2fcdbeb72e094?s=96&d=mm&r=g","caption":"admin"},"sameAs":["https:\/\/notici.es"],"url":"https:\/\/notici.es\/?author=1"}]}},"jetpack_featured_media_url":"https:\/\/notici.es\/wp-content\/uploads\/2025\/07\/Cayetano-Rivera.png","_links":{"self":[{"href":"https:\/\/notici.es\/index.php?rest_route=\/wp\/v2\/posts\/26","targetHints":{"allow":["GET"]}}],"collection":[{"href":"https:\/\/notici.es\/index.php?rest_route=\/wp\/v2\/posts"}],"about":[{"href":"https:\/\/notici.es\/index.php?rest_route=\/wp\/v2\/types\/post"}],"author":[{"embeddable":true,"href":"https:\/\/notici.es\/index.php?rest_route=\/wp\/v2\/users\/1"}],"replies":[{"embeddable":true,"href":"https:\/\/notici.es\/index.php?rest_route=%2Fwp%2Fv2%2Fcomments&post=26"}],"version-history":[{"count":1,"href":"https:\/\/notici.es\/index.php?rest_route=\/wp\/v2\/posts\/26\/revisions"}],"predecessor-version":[{"id":28,"href":"https:\/\/notici.es\/index.php?rest_route=\/wp\/v2\/posts\/26\/revisions\/28"}],"wp:featuredmedia":[{"embeddable":true,"href":"https:\/\/notici.es\/index.php?rest_route=\/wp\/v2\/media\/29"}],"wp:attachment":[{"href":"https:\/\/notici.es\/index.php?rest_route=%2Fwp%2Fv2%2Fmedia&parent=26"}],"wp:term":[{"taxonomy":"category","embeddable":true,"href":"https:\/\/notici.es\/index.php?rest_route=%2Fwp%2Fv2%2Fcategories&post=26"},{"taxonomy":"post_tag","embeddable":true,"href":"https:\/\/notici.es\/index.php?rest_route=%2Fwp%2Fv2%2Ftags&post=26"}],"curies":[{"name":"wp","href":"https:\/\/api.w.org\/{rel}","templated":true}]}}