{"id":20,"date":"2025-06-04T12:20:48","date_gmt":"2025-06-04T12:20:48","guid":{"rendered":"https:\/\/notici.es\/?p=20"},"modified":"2025-06-04T12:20:50","modified_gmt":"2025-06-04T12:20:50","slug":"caso-aldama","status":"publish","type":"post","link":"https:\/\/notici.es\/?p=20","title":{"rendered":"Caso Aldama: declaraci\u00f3n sobre 500 000 \u20ac en met\u00e1lico sacude el rescate de Air Europa"},"content":{"rendered":"\n<p>V\u00edctor de Aldama vuelve al foco: su exsocia asegura que recibi\u00f3 medio mill\u00f3n de euros de Juan Jos\u00e9 Hidalgo antes del rescate de Air Europa; el empresario responde con un tenso enfrentamiento p\u00fablico.<\/p>\n\n\n\n<hr class=\"wp-block-separator has-alpha-channel-opacity\"\/>\n\n\n\n<h2 class=\"wp-block-heading\">Resumen del suceso<\/h2>\n\n\n\n<blockquote class=\"wp-block-quote is-layout-flow wp-block-quote-is-layout-flow\">\n<p>\u00abV\u00edctor de Aldama me dijo que Juan Jos\u00e9 Hidalgo entreg\u00f3 500 000 euros en efectivo antes del rescate de Air Europa\u00bb<\/p>\n<\/blockquote>\n\n\n\n<p><a href=\"https:\/\/www.elconfidencial.com\/espana\/2025-06-04\/leonor-gonzalez-pano-air-europa-caso-aldama_4267891\/\" target=\"_blank\" rel=\"noreferrer noopener\">El Confidencial, 04\/06\/2025<\/a><\/p>\n\n\n\n<blockquote class=\"wp-block-quote is-layout-flow wp-block-quote-is-layout-flow\">\n<p>\u00ab\u00a1Sinverg\u00fcenza! Todo es mentira\u00bb<\/p>\n<\/blockquote>\n\n\n\n<p><a href=\"https:\/\/www.lasexta.com\/noticias\/nacional\/aldama-irrumpe-rueda-prensa-leire-diez-todo-mentira_2025060466609acfb2e3b00001a3c8c6.html\" target=\"_blank\" rel=\"noreferrer noopener\">laSexta, 04\/06\/2025<\/a><\/p>\n\n\n\n<hr class=\"wp-block-separator has-alpha-channel-opacity\"\/>\n\n\n\n<h2 class=\"wp-block-heading\">Principales puntos de vista<\/h2>\n\n\n\n<h3 class=\"wp-block-heading\">1.&nbsp;\u00abPrueba m\u00e1s de la corrupci\u00f3n gubernamental\u00bb<\/h3>\n\n\n\n<blockquote class=\"wp-block-quote is-layout-flow wp-block-quote-is-layout-flow\">\n<p>\u00abEste circo bochornoso retrata los estertores del sanchismo\u00bb<\/p>\n<\/blockquote>\n\n\n\n<p><a href=\"https:\/\/www.abc.es\/espana\/pp-exige-sanchez-explicaciones-caso-aldama-20250604.html\" target=\"_blank\" rel=\"noreferrer noopener\">ABC, 04\/06\/2025<\/a><\/p>\n\n\n\n<h3 class=\"wp-block-heading\">2.&nbsp;\u00abMoncloa se distancia y apela a la Justicia\u00bb<\/h3>\n\n\n\n<blockquote class=\"wp-block-quote is-layout-flow wp-block-quote-is-layout-flow\">\n<p>\u00abNo vamos a entrar en ese espect\u00e1culo; que hable la Justicia con todas las garant\u00edas procesales\u00bb<\/p>\n<\/blockquote>\n\n\n\n<p><a href=\"https:\/\/elpais.com\/espana\/2025-06-04\/bola-nos-no-vamos-entrar-show-aldama.html\" target=\"_blank\" rel=\"noreferrer noopener\">El Pa\u00eds, 04\/06\/2025<\/a><\/p>\n\n\n\n<h3 class=\"wp-block-heading\">3.&nbsp;\u00abDeclaraci\u00f3n basada en o\u00eddas, sin pruebas directas\u00bb<\/h3>\n\n\n\n<blockquote class=\"wp-block-quote is-layout-flow wp-block-quote-is-layout-flow\">\n<p>\u00abLa testigo reconoce que solo transmite lo que Aldama le cont\u00f3, sin pruebas directas que lo acrediten\u00bb<\/p>\n<\/blockquote>\n\n\n\n<p><a href=\"https:\/\/www.eldiario.es\/politica\/analisis-juridico-caso-aldama-pruebas_1_11234567.html\" target=\"_blank\" rel=\"noreferrer noopener\">elDiario.es, 04\/06\/2025<\/a><\/p>\n","protected":false},"excerpt":{"rendered":"<p>V\u00edctor de Aldama vuelve al foco: su exsocia asegura que recibi\u00f3 medio mill\u00f3n de euros de Juan Jos\u00e9 Hidalgo antes del rescate de Air Europa; el empresario responde con un tenso enfrentamiento p\u00fablico. Resumen del suceso \u00abV\u00edctor de Aldama me dijo que Juan Jos\u00e9 Hidalgo entreg\u00f3 500 000 euros en efectivo antes del rescate de [&hellip;]<\/p>\n","protected":false},"author":1,"featured_media":22,"comment_status":"open","ping_status":"open","sticky":false,"template":"","format":"standard","meta":{"footnotes":""},"categories":[15],"tags":[11,12,13,14],"class_list":["post-20","post","type-post","status-publish","format-standard","has-post-thumbnail","hentry","category-politica","tag-caso-aldama","tag-corrupcion","tag-gobierno-de-espana","tag-justicia-espanola"],"yoast_head":"<!-- This site is optimized with the Yoast SEO plugin v27.5 - https:\/\/yoast.com\/product\/yoast-seo-wordpress\/ -->\n<title>Caso Aldama: declaraci\u00f3n sobre 500 000 \u20ac en met\u00e1lico sacude el rescate de Air Europa - NoticiEs de Espa\u00f1a<\/title>\n<meta name=\"description\" content=\"La exsocia de V\u00edctor de Aldama declara que un pago de 500 000 \u20ac precedi\u00f3 al rescate de Air Europa; el empresario responde airado y PP exige explicaciones al Gobierno.\" \/>\n<meta name=\"robots\" content=\"index, follow, max-snippet:-1, max-image-preview:large, max-video-preview:-1\" \/>\n<link rel=\"canonical\" href=\"https:\/\/notici.es\/?p=20\" \/>\n<meta property=\"og:locale\" content=\"es_ES\" \/>\n<meta property=\"og:type\" content=\"article\" \/>\n<meta property=\"og:title\" content=\"Caso Aldama: declaraci\u00f3n sobre 500 000 \u20ac en met\u00e1lico sacude el rescate de Air Europa - NoticiEs de Espa\u00f1a\" \/>\n<meta property=\"og:description\" content=\"La exsocia de V\u00edctor de Aldama declara que un pago de 500 000 \u20ac precedi\u00f3 al rescate de Air Europa; el empresario responde airado y PP exige explicaciones al Gobierno.\" \/>\n<meta property=\"og:url\" content=\"https:\/\/notici.es\/?p=20\" \/>\n<meta property=\"og:site_name\" content=\"NoticiEs de Espa\u00f1a\" \/>\n<meta property=\"article:published_time\" content=\"2025-06-04T12:20:48+00:00\" \/>\n<meta property=\"article:modified_time\" content=\"2025-06-04T12:20:50+00:00\" \/>\n<meta property=\"og:image\" content=\"https:\/\/notici.es\/wp-content\/uploads\/2025\/06\/Caso-Aldama-1024x574.png\" \/>\n\t<meta property=\"og:image:width\" content=\"1024\" \/>\n\t<meta property=\"og:image:height\" content=\"574\" \/>\n\t<meta property=\"og:image:type\" content=\"image\/png\" \/>\n<meta name=\"author\" content=\"admin\" \/>\n<meta name=\"twitter:card\" content=\"summary_large_image\" \/>\n<meta name=\"twitter:creator\" content=\"@EsNotici\" \/>\n<meta name=\"twitter:site\" content=\"@EsNotici\" \/>\n<meta name=\"twitter:label1\" content=\"Escrito por\" \/>\n\t<meta name=\"twitter:data1\" content=\"admin\" \/>\n\t<meta name=\"twitter:label2\" content=\"Tiempo de lectura\" \/>\n\t<meta name=\"twitter:data2\" content=\"1 minuto\" \/>\n<script type=\"application\/ld+json\" class=\"yoast-schema-graph\">{\"@context\":\"https:\\\/\\\/schema.org\",\"@graph\":[{\"@type\":\"Article\",\"@id\":\"https:\\\/\\\/notici.es\\\/?p=20#article\",\"isPartOf\":{\"@id\":\"https:\\\/\\\/notici.es\\\/?p=20\"},\"author\":{\"name\":\"admin\",\"@id\":\"https:\\\/\\\/notici.es\\\/#\\\/schema\\\/person\\\/2a3ee6c671bbce4ba2fe5db2a2aa2361\"},\"headline\":\"Caso Aldama: declaraci\u00f3n sobre 500 000 \u20ac en met\u00e1lico sacude el rescate de Air Europa\",\"datePublished\":\"2025-06-04T12:20:48+00:00\",\"dateModified\":\"2025-06-04T12:20:50+00:00\",\"mainEntityOfPage\":{\"@id\":\"https:\\\/\\\/notici.es\\\/?p=20\"},\"wordCount\":162,\"commentCount\":0,\"publisher\":{\"@id\":\"https:\\\/\\\/notici.es\\\/#organization\"},\"image\":{\"@id\":\"https:\\\/\\\/notici.es\\\/?p=20#primaryimage\"},\"thumbnailUrl\":\"https:\\\/\\\/notici.es\\\/wp-content\\\/uploads\\\/2025\\\/06\\\/Caso-Aldama.png\",\"keywords\":[\"Caso Aldama\",\"Corrupci\u00f3n\",\"Gobierno de Espa\u00f1a\",\"Justicia espa\u00f1ola\"],\"articleSection\":[\"Pol\u00edtica\"],\"inLanguage\":\"es\",\"potentialAction\":[{\"@type\":\"CommentAction\",\"name\":\"Comment\",\"target\":[\"https:\\\/\\\/notici.es\\\/?p=20#respond\"]}]},{\"@type\":\"WebPage\",\"@id\":\"https:\\\/\\\/notici.es\\\/?p=20\",\"url\":\"https:\\\/\\\/notici.es\\\/?p=20\",\"name\":\"Caso Aldama: declaraci\u00f3n sobre 500 000 \u20ac en met\u00e1lico sacude el rescate de Air Europa - NoticiEs de Espa\u00f1a\",\"isPartOf\":{\"@id\":\"https:\\\/\\\/notici.es\\\/#website\"},\"primaryImageOfPage\":{\"@id\":\"https:\\\/\\\/notici.es\\\/?p=20#primaryimage\"},\"image\":{\"@id\":\"https:\\\/\\\/notici.es\\\/?p=20#primaryimage\"},\"thumbnailUrl\":\"https:\\\/\\\/notici.es\\\/wp-content\\\/uploads\\\/2025\\\/06\\\/Caso-Aldama.png\",\"datePublished\":\"2025-06-04T12:20:48+00:00\",\"dateModified\":\"2025-06-04T12:20:50+00:00\",\"description\":\"La exsocia de V\u00edctor de Aldama declara que un pago de 500 000 \u20ac precedi\u00f3 al rescate de Air Europa; el empresario responde airado y PP exige explicaciones al Gobierno.\",\"breadcrumb\":{\"@id\":\"https:\\\/\\\/notici.es\\\/?p=20#breadcrumb\"},\"inLanguage\":\"es\",\"potentialAction\":[{\"@type\":\"ReadAction\",\"target\":[\"https:\\\/\\\/notici.es\\\/?p=20\"]}]},{\"@type\":\"ImageObject\",\"inLanguage\":\"es\",\"@id\":\"https:\\\/\\\/notici.es\\\/?p=20#primaryimage\",\"url\":\"https:\\\/\\\/notici.es\\\/wp-content\\\/uploads\\\/2025\\\/06\\\/Caso-Aldama.png\",\"contentUrl\":\"https:\\\/\\\/notici.es\\\/wp-content\\\/uploads\\\/2025\\\/06\\\/Caso-Aldama.png\",\"width\":1456,\"height\":816,\"caption\":\"Caso Aldama\"},{\"@type\":\"BreadcrumbList\",\"@id\":\"https:\\\/\\\/notici.es\\\/?p=20#breadcrumb\",\"itemListElement\":[{\"@type\":\"ListItem\",\"position\":1,\"name\":\"Portada\",\"item\":\"https:\\\/\\\/notici.es\\\/\"},{\"@type\":\"ListItem\",\"position\":2,\"name\":\"Caso Aldama: declaraci\u00f3n sobre 500 000 \u20ac en met\u00e1lico sacude el rescate de Air Europa\"}]},{\"@type\":\"WebSite\",\"@id\":\"https:\\\/\\\/notici.es\\\/#website\",\"url\":\"https:\\\/\\\/notici.es\\\/\",\"name\":\"Diferentes puntos de vista sobre noticias importantes\",\"description\":\"\",\"publisher\":{\"@id\":\"https:\\\/\\\/notici.es\\\/#organization\"},\"potentialAction\":[{\"@type\":\"SearchAction\",\"target\":{\"@type\":\"EntryPoint\",\"urlTemplate\":\"https:\\\/\\\/notici.es\\\/?s={search_term_string}\"},\"query-input\":{\"@type\":\"PropertyValueSpecification\",\"valueRequired\":true,\"valueName\":\"search_term_string\"}}],\"inLanguage\":\"es\"},{\"@type\":\"Organization\",\"@id\":\"https:\\\/\\\/notici.es\\\/#organization\",\"name\":\"NoticiEs de Espa\u00f1a\",\"url\":\"https:\\\/\\\/notici.es\\\/\",\"logo\":{\"@type\":\"ImageObject\",\"inLanguage\":\"es\",\"@id\":\"https:\\\/\\\/notici.es\\\/#\\\/schema\\\/logo\\\/image\\\/\",\"url\":\"https:\\\/\\\/notici.es\\\/wp-content\\\/uploads\\\/2025\\\/06\\\/logo-noticies.png\",\"contentUrl\":\"https:\\\/\\\/notici.es\\\/wp-content\\\/uploads\\\/2025\\\/06\\\/logo-noticies.png\",\"width\":1024,\"height\":1024,\"caption\":\"NoticiEs de Espa\u00f1a\"},\"image\":{\"@id\":\"https:\\\/\\\/notici.es\\\/#\\\/schema\\\/logo\\\/image\\\/\"},\"sameAs\":[\"https:\\\/\\\/x.com\\\/EsNotici\"]},{\"@type\":\"Person\",\"@id\":\"https:\\\/\\\/notici.es\\\/#\\\/schema\\\/person\\\/2a3ee6c671bbce4ba2fe5db2a2aa2361\",\"name\":\"admin\",\"image\":{\"@type\":\"ImageObject\",\"inLanguage\":\"es\",\"@id\":\"https:\\\/\\\/secure.gravatar.com\\\/avatar\\\/589f31bb8cd09f3d574ee97e8324281257ac375d0946bc2cf9f2fcdbeb72e094?s=96&d=mm&r=g\",\"url\":\"https:\\\/\\\/secure.gravatar.com\\\/avatar\\\/589f31bb8cd09f3d574ee97e8324281257ac375d0946bc2cf9f2fcdbeb72e094?s=96&d=mm&r=g\",\"contentUrl\":\"https:\\\/\\\/secure.gravatar.com\\\/avatar\\\/589f31bb8cd09f3d574ee97e8324281257ac375d0946bc2cf9f2fcdbeb72e094?s=96&d=mm&r=g\",\"caption\":\"admin\"},\"sameAs\":[\"https:\\\/\\\/notici.es\"],\"url\":\"https:\\\/\\\/notici.es\\\/?author=1\"}]}<\/script>\n<!-- \/ Yoast SEO plugin. -->","yoast_head_json":{"title":"Caso Aldama: declaraci\u00f3n sobre 500 000 \u20ac en met\u00e1lico sacude el rescate de Air Europa - NoticiEs de Espa\u00f1a","description":"La exsocia de V\u00edctor de Aldama declara que un pago de 500 000 \u20ac precedi\u00f3 al rescate de Air Europa; el empresario responde airado y PP exige explicaciones al Gobierno.","robots":{"index":"index","follow":"follow","max-snippet":"max-snippet:-1","max-image-preview":"max-image-preview:large","max-video-preview":"max-video-preview:-1"},"canonical":"https:\/\/notici.es\/?p=20","og_locale":"es_ES","og_type":"article","og_title":"Caso Aldama: declaraci\u00f3n sobre 500 000 \u20ac en met\u00e1lico sacude el rescate de Air Europa - NoticiEs de Espa\u00f1a","og_description":"La exsocia de V\u00edctor de Aldama declara que un pago de 500 000 \u20ac precedi\u00f3 al rescate de Air Europa; el empresario responde airado y PP exige explicaciones al Gobierno.","og_url":"https:\/\/notici.es\/?p=20","og_site_name":"NoticiEs de Espa\u00f1a","article_published_time":"2025-06-04T12:20:48+00:00","article_modified_time":"2025-06-04T12:20:50+00:00","og_image":[{"width":1024,"height":574,"url":"https:\/\/notici.es\/wp-content\/uploads\/2025\/06\/Caso-Aldama-1024x574.png","type":"image\/png"}],"author":"admin","twitter_card":"summary_large_image","twitter_creator":"@EsNotici","twitter_site":"@EsNotici","twitter_misc":{"Escrito por":"admin","Tiempo de lectura":"1 minuto"},"schema":{"@context":"https:\/\/schema.org","@graph":[{"@type":"Article","@id":"https:\/\/notici.es\/?p=20#article","isPartOf":{"@id":"https:\/\/notici.es\/?p=20"},"author":{"name":"admin","@id":"https:\/\/notici.es\/#\/schema\/person\/2a3ee6c671bbce4ba2fe5db2a2aa2361"},"headline":"Caso Aldama: declaraci\u00f3n sobre 500 000 \u20ac en met\u00e1lico sacude el rescate de Air Europa","datePublished":"2025-06-04T12:20:48+00:00","dateModified":"2025-06-04T12:20:50+00:00","mainEntityOfPage":{"@id":"https:\/\/notici.es\/?p=20"},"wordCount":162,"commentCount":0,"publisher":{"@id":"https:\/\/notici.es\/#organization"},"image":{"@id":"https:\/\/notici.es\/?p=20#primaryimage"},"thumbnailUrl":"https:\/\/notici.es\/wp-content\/uploads\/2025\/06\/Caso-Aldama.png","keywords":["Caso Aldama","Corrupci\u00f3n","Gobierno de Espa\u00f1a","Justicia espa\u00f1ola"],"articleSection":["Pol\u00edtica"],"inLanguage":"es","potentialAction":[{"@type":"CommentAction","name":"Comment","target":["https:\/\/notici.es\/?p=20#respond"]}]},{"@type":"WebPage","@id":"https:\/\/notici.es\/?p=20","url":"https:\/\/notici.es\/?p=20","name":"Caso Aldama: declaraci\u00f3n sobre 500 000 \u20ac en met\u00e1lico sacude el rescate de Air Europa - NoticiEs de Espa\u00f1a","isPartOf":{"@id":"https:\/\/notici.es\/#website"},"primaryImageOfPage":{"@id":"https:\/\/notici.es\/?p=20#primaryimage"},"image":{"@id":"https:\/\/notici.es\/?p=20#primaryimage"},"thumbnailUrl":"https:\/\/notici.es\/wp-content\/uploads\/2025\/06\/Caso-Aldama.png","datePublished":"2025-06-04T12:20:48+00:00","dateModified":"2025-06-04T12:20:50+00:00","description":"La exsocia de V\u00edctor de Aldama declara que un pago de 500 000 \u20ac precedi\u00f3 al rescate de Air Europa; el empresario responde airado y PP exige explicaciones al Gobierno.","breadcrumb":{"@id":"https:\/\/notici.es\/?p=20#breadcrumb"},"inLanguage":"es","potentialAction":[{"@type":"ReadAction","target":["https:\/\/notici.es\/?p=20"]}]},{"@type":"ImageObject","inLanguage":"es","@id":"https:\/\/notici.es\/?p=20#primaryimage","url":"https:\/\/notici.es\/wp-content\/uploads\/2025\/06\/Caso-Aldama.png","contentUrl":"https:\/\/notici.es\/wp-content\/uploads\/2025\/06\/Caso-Aldama.png","width":1456,"height":816,"caption":"Caso Aldama"},{"@type":"BreadcrumbList","@id":"https:\/\/notici.es\/?p=20#breadcrumb","itemListElement":[{"@type":"ListItem","position":1,"name":"Portada","item":"https:\/\/notici.es\/"},{"@type":"ListItem","position":2,"name":"Caso Aldama: declaraci\u00f3n sobre 500 000 \u20ac en met\u00e1lico sacude el rescate de Air Europa"}]},{"@type":"WebSite","@id":"https:\/\/notici.es\/#website","url":"https:\/\/notici.es\/","name":"Diferentes puntos de vista sobre noticias importantes","description":"","publisher":{"@id":"https:\/\/notici.es\/#organization"},"potentialAction":[{"@type":"SearchAction","target":{"@type":"EntryPoint","urlTemplate":"https:\/\/notici.es\/?s={search_term_string}"},"query-input":{"@type":"PropertyValueSpecification","valueRequired":true,"valueName":"search_term_string"}}],"inLanguage":"es"},{"@type":"Organization","@id":"https:\/\/notici.es\/#organization","name":"NoticiEs de Espa\u00f1a","url":"https:\/\/notici.es\/","logo":{"@type":"ImageObject","inLanguage":"es","@id":"https:\/\/notici.es\/#\/schema\/logo\/image\/","url":"https:\/\/notici.es\/wp-content\/uploads\/2025\/06\/logo-noticies.png","contentUrl":"https:\/\/notici.es\/wp-content\/uploads\/2025\/06\/logo-noticies.png","width":1024,"height":1024,"caption":"NoticiEs de Espa\u00f1a"},"image":{"@id":"https:\/\/notici.es\/#\/schema\/logo\/image\/"},"sameAs":["https:\/\/x.com\/EsNotici"]},{"@type":"Person","@id":"https:\/\/notici.es\/#\/schema\/person\/2a3ee6c671bbce4ba2fe5db2a2aa2361","name":"admin","image":{"@type":"ImageObject","inLanguage":"es","@id":"https:\/\/secure.gravatar.com\/avatar\/589f31bb8cd09f3d574ee97e8324281257ac375d0946bc2cf9f2fcdbeb72e094?s=96&d=mm&r=g","url":"https:\/\/secure.gravatar.com\/avatar\/589f31bb8cd09f3d574ee97e8324281257ac375d0946bc2cf9f2fcdbeb72e094?s=96&d=mm&r=g","contentUrl":"https:\/\/secure.gravatar.com\/avatar\/589f31bb8cd09f3d574ee97e8324281257ac375d0946bc2cf9f2fcdbeb72e094?s=96&d=mm&r=g","caption":"admin"},"sameAs":["https:\/\/notici.es"],"url":"https:\/\/notici.es\/?author=1"}]}},"jetpack_featured_media_url":"https:\/\/notici.es\/wp-content\/uploads\/2025\/06\/Caso-Aldama.png","_links":{"self":[{"href":"https:\/\/notici.es\/index.php?rest_route=\/wp\/v2\/posts\/20","targetHints":{"allow":["GET"]}}],"collection":[{"href":"https:\/\/notici.es\/index.php?rest_route=\/wp\/v2\/posts"}],"about":[{"href":"https:\/\/notici.es\/index.php?rest_route=\/wp\/v2\/types\/post"}],"author":[{"embeddable":true,"href":"https:\/\/notici.es\/index.php?rest_route=\/wp\/v2\/users\/1"}],"replies":[{"embeddable":true,"href":"https:\/\/notici.es\/index.php?rest_route=%2Fwp%2Fv2%2Fcomments&post=20"}],"version-history":[{"count":1,"href":"https:\/\/notici.es\/index.php?rest_route=\/wp\/v2\/posts\/20\/revisions"}],"predecessor-version":[{"id":23,"href":"https:\/\/notici.es\/index.php?rest_route=\/wp\/v2\/posts\/20\/revisions\/23"}],"wp:featuredmedia":[{"embeddable":true,"href":"https:\/\/notici.es\/index.php?rest_route=\/wp\/v2\/media\/22"}],"wp:attachment":[{"href":"https:\/\/notici.es\/index.php?rest_route=%2Fwp%2Fv2%2Fmedia&parent=20"}],"wp:term":[{"taxonomy":"category","embeddable":true,"href":"https:\/\/notici.es\/index.php?rest_route=%2Fwp%2Fv2%2Fcategories&post=20"},{"taxonomy":"post_tag","embeddable":true,"href":"https:\/\/notici.es\/index.php?rest_route=%2Fwp%2Fv2%2Ftags&post=20"}],"curies":[{"name":"wp","href":"https:\/\/api.w.org\/{rel}","templated":true}]}}