{"id":15,"date":"2025-06-02T12:26:41","date_gmt":"2025-06-02T12:26:41","guid":{"rendered":"https:\/\/notici.es\/?p=15"},"modified":"2025-06-02T12:29:17","modified_gmt":"2025-06-02T12:29:17","slug":"la-viuda-negra","status":"publish","type":"post","link":"https:\/\/notici.es\/?p=15","title":{"rendered":"\u2018La viuda negra\u2019: Netflix revive el crimen de Patraix en un thriller que divide a la cr\u00edtica"},"content":{"rendered":"\n<p>El 30 de mayo de 2025 Netflix estren\u00f3 <em>La viuda negra<\/em>, largometraje que dramatiza el asesinato de Antonio&nbsp;Navarro (Valencia, 2017) orquestado por su esposa \u00abMaje\u00bb.<\/p>\n\n\n\n<hr class=\"wp-block-separator has-alpha-channel-opacity\"\/>\n\n\n\n<h2 class=\"wp-block-heading\">Resumen del evento<\/h2>\n\n\n\n<blockquote class=\"wp-block-quote is-layout-flow wp-block-quote-is-layout-flow\">\n<p>\u00abLa viuda negra es una pel\u00edcula espa\u00f1ola de crimen y thriller\u2026 Se estren\u00f3 en Netflix el 30 de mayo de 2025\u00bb<\/p>\n<\/blockquote>\n\n\n\n<p><a href=\"https:\/\/es.wikipedia.org\/wiki\/La_viuda_negra_(pel%C3%ADcula_de_2025)\" target=\"_blank\" rel=\"noreferrer noopener\">Wikipedia<\/a><\/p>\n\n\n\n<blockquote class=\"wp-block-quote is-layout-flow wp-block-quote-is-layout-flow\">\n<p>\u00abLa cr\u00f3nica negra siempre hace alg\u00fan da\u00f1o, pero la fidelidad es lo m\u00e1s importante\u00bb<\/p>\n<\/blockquote>\n\n\n\n<p><a href=\"https:\/\/cadenaser.com\/nacional\/2025\/05\/29\/la-cronica-negra-siempre-hace-algun-dano-pero-la-fidelidad-es-lo-mas-importante-asi-es-la-viuda-negra-la-pelicula-de-netflix-sobre-el-crimen-de-patraix-cadena-ser\/\" target=\"_blank\" rel=\"noreferrer noopener\">Cadena SER<\/a><\/p>\n\n\n\n<hr class=\"wp-block-separator has-alpha-channel-opacity\"\/>\n\n\n\n<h2 class=\"wp-block-heading\">Principales puntos de vista<\/h2>\n\n\n\n<h3 class=\"wp-block-heading\">1.&nbsp;\u00abTrue crime adictivo y de gran factura\u00bb<\/h3>\n\n\n\n<blockquote class=\"wp-block-quote is-layout-flow wp-block-quote-is-layout-flow\">\n<p>\u00abLa narraci\u00f3n epis\u00f3dica, el uso del sonido y el buen hacer de los actores son lo mejor de una pel\u00edcula de ritmo adictivo\u2026\u00bb<\/p>\n<\/blockquote>\n\n\n\n<p><a href=\"https:\/\/www.vanitatis.elconfidencial.com\/estilo\/ocio\/2025-05-26\/critica-la-viuda-negra-true-crime-adictivo-machi-netflix_4135654\/\" target=\"_blank\" rel=\"noreferrer noopener\">El Confidencial (26\/05\/2025)<\/a><\/p>\n\n\n\n<h3 class=\"wp-block-heading\">2.&nbsp;\u00abMorbo y explotaci\u00f3n de una tragedia real\u00bb<\/h3>\n\n\n\n<blockquote class=\"wp-block-quote is-layout-flow wp-block-quote-is-layout-flow\">\n<p>\u00abQue <em>La Viuda Negra<\/em> resulte entretenida\u2026 es incuestionable; que realmente relate algo al margen de los hechos ya conocidos es otra cuesti\u00f3n\u00bb<\/p>\n<\/blockquote>\n\n\n\n<p><a href=\"https:\/\/www.libertaddigital.com\/cultura\/cine\/2025-05-30\/la-viuda-negra-y-el-problema-de-los-true-crime-de-netflix-7260066\/\" target=\"_blank\" rel=\"noreferrer noopener\">Libertad Digital (30\/05\/2025)<\/a><\/p>\n\n\n\n<h3 class=\"wp-block-heading\">3.&nbsp;\u00abFidelidad selectiva y blindaje legal\u00bb<\/h3>\n\n\n\n<blockquote class=\"wp-block-quote is-layout-flow wp-block-quote-is-layout-flow\">\n<p>\u00abNos piden que tengamos tres fuentes para acreditar cada cosa que contamos en pantalla\u00bb<\/p>\n<\/blockquote>\n\n\n\n<p><a href=\"https:\/\/www.eleconomista.es\/evasion\/noticias\/13389042\/05\/25\/critica-de-la-viuda-negra-netflix-el-true-crime-de-maje-el-terrible-caso-que-paralizo-todo-un-pais.html\" target=\"_blank\" rel=\"noreferrer noopener\">El Economista (25\/05\/2025)<\/a><\/p>\n","protected":false},"excerpt":{"rendered":"<p>El 30 de mayo de 2025 Netflix estren\u00f3 La viuda negra, largometraje que dramatiza el asesinato de Antonio&nbsp;Navarro (Valencia, 2017) orquestado por su esposa \u00abMaje\u00bb. Resumen del evento \u00abLa viuda negra es una pel\u00edcula espa\u00f1ola de crimen y thriller\u2026 Se estren\u00f3 en Netflix el 30 de mayo de 2025\u00bb Wikipedia \u00abLa cr\u00f3nica negra siempre hace [&hellip;]<\/p>\n","protected":false},"author":1,"featured_media":17,"comment_status":"open","ping_status":"open","sticky":false,"template":"","format":"standard","meta":{"footnotes":""},"categories":[7],"tags":[8,9,10],"class_list":["post-15","post","type-post","status-publish","format-standard","has-post-thumbnail","hentry","category-peliculas-y-series","tag-la-viuda-negra","tag-netflix","tag-true-crime"],"yoast_head":"<!-- This site is optimized with the Yoast SEO plugin v27.5 - https:\/\/yoast.com\/product\/yoast-seo-wordpress\/ -->\n<title>\u2018La viuda negra\u2019: Netflix revive el crimen de Patraix en un thriller que divide a la cr\u00edtica - NoticiEs de Espa\u00f1a<\/title>\n<meta name=\"description\" content=\"Netflix estrena \u00abLa viuda negra\u00bb, thriller que recrea el crimen de Patraix: un true crime de ritmo adictivo que enfrenta elogios a su factura y cr\u00edticas por morbo.\" \/>\n<meta name=\"robots\" content=\"index, follow, max-snippet:-1, max-image-preview:large, max-video-preview:-1\" \/>\n<link rel=\"canonical\" href=\"https:\/\/notici.es\/?p=15\" \/>\n<meta property=\"og:locale\" content=\"es_ES\" \/>\n<meta property=\"og:type\" content=\"article\" \/>\n<meta property=\"og:title\" content=\"\u2018La viuda negra\u2019: Netflix revive el crimen de Patraix en un thriller que divide a la cr\u00edtica - NoticiEs de Espa\u00f1a\" \/>\n<meta property=\"og:description\" content=\"Netflix estrena \u00abLa viuda negra\u00bb, thriller que recrea el crimen de Patraix: un true crime de ritmo adictivo que enfrenta elogios a su factura y cr\u00edticas por morbo.\" \/>\n<meta property=\"og:url\" content=\"https:\/\/notici.es\/?p=15\" \/>\n<meta property=\"og:site_name\" content=\"NoticiEs de Espa\u00f1a\" \/>\n<meta property=\"article:published_time\" content=\"2025-06-02T12:26:41+00:00\" \/>\n<meta property=\"article:modified_time\" content=\"2025-06-02T12:29:17+00:00\" \/>\n<meta property=\"og:image\" content=\"https:\/\/notici.es\/wp-content\/uploads\/2025\/06\/viuda-negra.png\" \/>\n\t<meta property=\"og:image:width\" content=\"1456\" \/>\n\t<meta property=\"og:image:height\" content=\"816\" \/>\n\t<meta property=\"og:image:type\" content=\"image\/png\" \/>\n<meta name=\"author\" content=\"admin\" \/>\n<meta name=\"twitter:card\" content=\"summary_large_image\" \/>\n<meta name=\"twitter:creator\" content=\"@EsNotici\" \/>\n<meta name=\"twitter:site\" content=\"@EsNotici\" \/>\n<meta name=\"twitter:label1\" content=\"Escrito por\" \/>\n\t<meta name=\"twitter:data1\" content=\"admin\" \/>\n\t<meta name=\"twitter:label2\" content=\"Tiempo de lectura\" \/>\n\t<meta name=\"twitter:data2\" content=\"1 minuto\" \/>\n<script type=\"application\/ld+json\" class=\"yoast-schema-graph\">{\"@context\":\"https:\\\/\\\/schema.org\",\"@graph\":[{\"@type\":\"Article\",\"@id\":\"https:\\\/\\\/notici.es\\\/?p=15#article\",\"isPartOf\":{\"@id\":\"https:\\\/\\\/notici.es\\\/?p=15\"},\"author\":{\"name\":\"admin\",\"@id\":\"https:\\\/\\\/notici.es\\\/#\\\/schema\\\/person\\\/2a3ee6c671bbce4ba2fe5db2a2aa2361\"},\"headline\":\"\u2018La viuda negra\u2019: Netflix revive el crimen de Patraix en un thriller que divide a la cr\u00edtica\",\"datePublished\":\"2025-06-02T12:26:41+00:00\",\"dateModified\":\"2025-06-02T12:29:17+00:00\",\"mainEntityOfPage\":{\"@id\":\"https:\\\/\\\/notici.es\\\/?p=15\"},\"wordCount\":183,\"commentCount\":0,\"publisher\":{\"@id\":\"https:\\\/\\\/notici.es\\\/#organization\"},\"image\":{\"@id\":\"https:\\\/\\\/notici.es\\\/?p=15#primaryimage\"},\"thumbnailUrl\":\"https:\\\/\\\/notici.es\\\/wp-content\\\/uploads\\\/2025\\\/06\\\/viuda-negra.png\",\"keywords\":[\"La viuda negra\",\"Netflix\",\"True crime\"],\"articleSection\":[\"Pel\u00edculas y series\"],\"inLanguage\":\"es\",\"potentialAction\":[{\"@type\":\"CommentAction\",\"name\":\"Comment\",\"target\":[\"https:\\\/\\\/notici.es\\\/?p=15#respond\"]}]},{\"@type\":\"WebPage\",\"@id\":\"https:\\\/\\\/notici.es\\\/?p=15\",\"url\":\"https:\\\/\\\/notici.es\\\/?p=15\",\"name\":\"\u2018La viuda negra\u2019: Netflix revive el crimen de Patraix en un thriller que divide a la cr\u00edtica - NoticiEs de Espa\u00f1a\",\"isPartOf\":{\"@id\":\"https:\\\/\\\/notici.es\\\/#website\"},\"primaryImageOfPage\":{\"@id\":\"https:\\\/\\\/notici.es\\\/?p=15#primaryimage\"},\"image\":{\"@id\":\"https:\\\/\\\/notici.es\\\/?p=15#primaryimage\"},\"thumbnailUrl\":\"https:\\\/\\\/notici.es\\\/wp-content\\\/uploads\\\/2025\\\/06\\\/viuda-negra.png\",\"datePublished\":\"2025-06-02T12:26:41+00:00\",\"dateModified\":\"2025-06-02T12:29:17+00:00\",\"description\":\"Netflix estrena \u00abLa viuda negra\u00bb, thriller que recrea el crimen de Patraix: un true crime de ritmo adictivo que enfrenta elogios a su factura y cr\u00edticas por morbo.\",\"breadcrumb\":{\"@id\":\"https:\\\/\\\/notici.es\\\/?p=15#breadcrumb\"},\"inLanguage\":\"es\",\"potentialAction\":[{\"@type\":\"ReadAction\",\"target\":[\"https:\\\/\\\/notici.es\\\/?p=15\"]}]},{\"@type\":\"ImageObject\",\"inLanguage\":\"es\",\"@id\":\"https:\\\/\\\/notici.es\\\/?p=15#primaryimage\",\"url\":\"https:\\\/\\\/notici.es\\\/wp-content\\\/uploads\\\/2025\\\/06\\\/viuda-negra.png\",\"contentUrl\":\"https:\\\/\\\/notici.es\\\/wp-content\\\/uploads\\\/2025\\\/06\\\/viuda-negra.png\",\"width\":1456,\"height\":816},{\"@type\":\"BreadcrumbList\",\"@id\":\"https:\\\/\\\/notici.es\\\/?p=15#breadcrumb\",\"itemListElement\":[{\"@type\":\"ListItem\",\"position\":1,\"name\":\"Portada\",\"item\":\"https:\\\/\\\/notici.es\\\/\"},{\"@type\":\"ListItem\",\"position\":2,\"name\":\"\u2018La viuda negra\u2019: Netflix revive el crimen de Patraix en un thriller que divide a la cr\u00edtica\"}]},{\"@type\":\"WebSite\",\"@id\":\"https:\\\/\\\/notici.es\\\/#website\",\"url\":\"https:\\\/\\\/notici.es\\\/\",\"name\":\"Diferentes puntos de vista sobre noticias importantes\",\"description\":\"\",\"publisher\":{\"@id\":\"https:\\\/\\\/notici.es\\\/#organization\"},\"potentialAction\":[{\"@type\":\"SearchAction\",\"target\":{\"@type\":\"EntryPoint\",\"urlTemplate\":\"https:\\\/\\\/notici.es\\\/?s={search_term_string}\"},\"query-input\":{\"@type\":\"PropertyValueSpecification\",\"valueRequired\":true,\"valueName\":\"search_term_string\"}}],\"inLanguage\":\"es\"},{\"@type\":\"Organization\",\"@id\":\"https:\\\/\\\/notici.es\\\/#organization\",\"name\":\"NoticiEs de Espa\u00f1a\",\"url\":\"https:\\\/\\\/notici.es\\\/\",\"logo\":{\"@type\":\"ImageObject\",\"inLanguage\":\"es\",\"@id\":\"https:\\\/\\\/notici.es\\\/#\\\/schema\\\/logo\\\/image\\\/\",\"url\":\"https:\\\/\\\/notici.es\\\/wp-content\\\/uploads\\\/2025\\\/06\\\/logo-noticies.png\",\"contentUrl\":\"https:\\\/\\\/notici.es\\\/wp-content\\\/uploads\\\/2025\\\/06\\\/logo-noticies.png\",\"width\":1024,\"height\":1024,\"caption\":\"NoticiEs de Espa\u00f1a\"},\"image\":{\"@id\":\"https:\\\/\\\/notici.es\\\/#\\\/schema\\\/logo\\\/image\\\/\"},\"sameAs\":[\"https:\\\/\\\/x.com\\\/EsNotici\"]},{\"@type\":\"Person\",\"@id\":\"https:\\\/\\\/notici.es\\\/#\\\/schema\\\/person\\\/2a3ee6c671bbce4ba2fe5db2a2aa2361\",\"name\":\"admin\",\"image\":{\"@type\":\"ImageObject\",\"inLanguage\":\"es\",\"@id\":\"https:\\\/\\\/secure.gravatar.com\\\/avatar\\\/589f31bb8cd09f3d574ee97e8324281257ac375d0946bc2cf9f2fcdbeb72e094?s=96&d=mm&r=g\",\"url\":\"https:\\\/\\\/secure.gravatar.com\\\/avatar\\\/589f31bb8cd09f3d574ee97e8324281257ac375d0946bc2cf9f2fcdbeb72e094?s=96&d=mm&r=g\",\"contentUrl\":\"https:\\\/\\\/secure.gravatar.com\\\/avatar\\\/589f31bb8cd09f3d574ee97e8324281257ac375d0946bc2cf9f2fcdbeb72e094?s=96&d=mm&r=g\",\"caption\":\"admin\"},\"sameAs\":[\"https:\\\/\\\/notici.es\"],\"url\":\"https:\\\/\\\/notici.es\\\/?author=1\"}]}<\/script>\n<!-- \/ Yoast SEO plugin. -->","yoast_head_json":{"title":"\u2018La viuda negra\u2019: Netflix revive el crimen de Patraix en un thriller que divide a la cr\u00edtica - NoticiEs de Espa\u00f1a","description":"Netflix estrena \u00abLa viuda negra\u00bb, thriller que recrea el crimen de Patraix: un true crime de ritmo adictivo que enfrenta elogios a su factura y cr\u00edticas por morbo.","robots":{"index":"index","follow":"follow","max-snippet":"max-snippet:-1","max-image-preview":"max-image-preview:large","max-video-preview":"max-video-preview:-1"},"canonical":"https:\/\/notici.es\/?p=15","og_locale":"es_ES","og_type":"article","og_title":"\u2018La viuda negra\u2019: Netflix revive el crimen de Patraix en un thriller que divide a la cr\u00edtica - NoticiEs de Espa\u00f1a","og_description":"Netflix estrena \u00abLa viuda negra\u00bb, thriller que recrea el crimen de Patraix: un true crime de ritmo adictivo que enfrenta elogios a su factura y cr\u00edticas por morbo.","og_url":"https:\/\/notici.es\/?p=15","og_site_name":"NoticiEs de Espa\u00f1a","article_published_time":"2025-06-02T12:26:41+00:00","article_modified_time":"2025-06-02T12:29:17+00:00","og_image":[{"width":1456,"height":816,"url":"https:\/\/notici.es\/wp-content\/uploads\/2025\/06\/viuda-negra.png","type":"image\/png"}],"author":"admin","twitter_card":"summary_large_image","twitter_creator":"@EsNotici","twitter_site":"@EsNotici","twitter_misc":{"Escrito por":"admin","Tiempo de lectura":"1 minuto"},"schema":{"@context":"https:\/\/schema.org","@graph":[{"@type":"Article","@id":"https:\/\/notici.es\/?p=15#article","isPartOf":{"@id":"https:\/\/notici.es\/?p=15"},"author":{"name":"admin","@id":"https:\/\/notici.es\/#\/schema\/person\/2a3ee6c671bbce4ba2fe5db2a2aa2361"},"headline":"\u2018La viuda negra\u2019: Netflix revive el crimen de Patraix en un thriller que divide a la cr\u00edtica","datePublished":"2025-06-02T12:26:41+00:00","dateModified":"2025-06-02T12:29:17+00:00","mainEntityOfPage":{"@id":"https:\/\/notici.es\/?p=15"},"wordCount":183,"commentCount":0,"publisher":{"@id":"https:\/\/notici.es\/#organization"},"image":{"@id":"https:\/\/notici.es\/?p=15#primaryimage"},"thumbnailUrl":"https:\/\/notici.es\/wp-content\/uploads\/2025\/06\/viuda-negra.png","keywords":["La viuda negra","Netflix","True crime"],"articleSection":["Pel\u00edculas y series"],"inLanguage":"es","potentialAction":[{"@type":"CommentAction","name":"Comment","target":["https:\/\/notici.es\/?p=15#respond"]}]},{"@type":"WebPage","@id":"https:\/\/notici.es\/?p=15","url":"https:\/\/notici.es\/?p=15","name":"\u2018La viuda negra\u2019: Netflix revive el crimen de Patraix en un thriller que divide a la cr\u00edtica - NoticiEs de Espa\u00f1a","isPartOf":{"@id":"https:\/\/notici.es\/#website"},"primaryImageOfPage":{"@id":"https:\/\/notici.es\/?p=15#primaryimage"},"image":{"@id":"https:\/\/notici.es\/?p=15#primaryimage"},"thumbnailUrl":"https:\/\/notici.es\/wp-content\/uploads\/2025\/06\/viuda-negra.png","datePublished":"2025-06-02T12:26:41+00:00","dateModified":"2025-06-02T12:29:17+00:00","description":"Netflix estrena \u00abLa viuda negra\u00bb, thriller que recrea el crimen de Patraix: un true crime de ritmo adictivo que enfrenta elogios a su factura y cr\u00edticas por morbo.","breadcrumb":{"@id":"https:\/\/notici.es\/?p=15#breadcrumb"},"inLanguage":"es","potentialAction":[{"@type":"ReadAction","target":["https:\/\/notici.es\/?p=15"]}]},{"@type":"ImageObject","inLanguage":"es","@id":"https:\/\/notici.es\/?p=15#primaryimage","url":"https:\/\/notici.es\/wp-content\/uploads\/2025\/06\/viuda-negra.png","contentUrl":"https:\/\/notici.es\/wp-content\/uploads\/2025\/06\/viuda-negra.png","width":1456,"height":816},{"@type":"BreadcrumbList","@id":"https:\/\/notici.es\/?p=15#breadcrumb","itemListElement":[{"@type":"ListItem","position":1,"name":"Portada","item":"https:\/\/notici.es\/"},{"@type":"ListItem","position":2,"name":"\u2018La viuda negra\u2019: Netflix revive el crimen de Patraix en un thriller que divide a la cr\u00edtica"}]},{"@type":"WebSite","@id":"https:\/\/notici.es\/#website","url":"https:\/\/notici.es\/","name":"Diferentes puntos de vista sobre noticias importantes","description":"","publisher":{"@id":"https:\/\/notici.es\/#organization"},"potentialAction":[{"@type":"SearchAction","target":{"@type":"EntryPoint","urlTemplate":"https:\/\/notici.es\/?s={search_term_string}"},"query-input":{"@type":"PropertyValueSpecification","valueRequired":true,"valueName":"search_term_string"}}],"inLanguage":"es"},{"@type":"Organization","@id":"https:\/\/notici.es\/#organization","name":"NoticiEs de Espa\u00f1a","url":"https:\/\/notici.es\/","logo":{"@type":"ImageObject","inLanguage":"es","@id":"https:\/\/notici.es\/#\/schema\/logo\/image\/","url":"https:\/\/notici.es\/wp-content\/uploads\/2025\/06\/logo-noticies.png","contentUrl":"https:\/\/notici.es\/wp-content\/uploads\/2025\/06\/logo-noticies.png","width":1024,"height":1024,"caption":"NoticiEs de Espa\u00f1a"},"image":{"@id":"https:\/\/notici.es\/#\/schema\/logo\/image\/"},"sameAs":["https:\/\/x.com\/EsNotici"]},{"@type":"Person","@id":"https:\/\/notici.es\/#\/schema\/person\/2a3ee6c671bbce4ba2fe5db2a2aa2361","name":"admin","image":{"@type":"ImageObject","inLanguage":"es","@id":"https:\/\/secure.gravatar.com\/avatar\/589f31bb8cd09f3d574ee97e8324281257ac375d0946bc2cf9f2fcdbeb72e094?s=96&d=mm&r=g","url":"https:\/\/secure.gravatar.com\/avatar\/589f31bb8cd09f3d574ee97e8324281257ac375d0946bc2cf9f2fcdbeb72e094?s=96&d=mm&r=g","contentUrl":"https:\/\/secure.gravatar.com\/avatar\/589f31bb8cd09f3d574ee97e8324281257ac375d0946bc2cf9f2fcdbeb72e094?s=96&d=mm&r=g","caption":"admin"},"sameAs":["https:\/\/notici.es"],"url":"https:\/\/notici.es\/?author=1"}]}},"jetpack_featured_media_url":"https:\/\/notici.es\/wp-content\/uploads\/2025\/06\/viuda-negra.png","_links":{"self":[{"href":"https:\/\/notici.es\/index.php?rest_route=\/wp\/v2\/posts\/15","targetHints":{"allow":["GET"]}}],"collection":[{"href":"https:\/\/notici.es\/index.php?rest_route=\/wp\/v2\/posts"}],"about":[{"href":"https:\/\/notici.es\/index.php?rest_route=\/wp\/v2\/types\/post"}],"author":[{"embeddable":true,"href":"https:\/\/notici.es\/index.php?rest_route=\/wp\/v2\/users\/1"}],"replies":[{"embeddable":true,"href":"https:\/\/notici.es\/index.php?rest_route=%2Fwp%2Fv2%2Fcomments&post=15"}],"version-history":[{"count":1,"href":"https:\/\/notici.es\/index.php?rest_route=\/wp\/v2\/posts\/15\/revisions"}],"predecessor-version":[{"id":18,"href":"https:\/\/notici.es\/index.php?rest_route=\/wp\/v2\/posts\/15\/revisions\/18"}],"wp:featuredmedia":[{"embeddable":true,"href":"https:\/\/notici.es\/index.php?rest_route=\/wp\/v2\/media\/17"}],"wp:attachment":[{"href":"https:\/\/notici.es\/index.php?rest_route=%2Fwp%2Fv2%2Fmedia&parent=15"}],"wp:term":[{"taxonomy":"category","embeddable":true,"href":"https:\/\/notici.es\/index.php?rest_route=%2Fwp%2Fv2%2Fcategories&post=15"},{"taxonomy":"post_tag","embeddable":true,"href":"https:\/\/notici.es\/index.php?rest_route=%2Fwp%2Fv2%2Ftags&post=15"}],"curies":[{"name":"wp","href":"https:\/\/api.w.org\/{rel}","templated":true}]}}